{"id":3349,"date":"2021-07-26T10:06:58","date_gmt":"2021-07-26T08:06:58","guid":{"rendered":"https:\/\/18.events\/?p=3349"},"modified":"2021-07-26T10:06:58","modified_gmt":"2021-07-26T08:06:58","slug":"romain-bechu-linvite-du-evian-golf-live","status":"publish","type":"post","link":"https:\/\/18.events\/pt-pt\/romain-bechu-linvite-du-evian-golf-live\/","title":{"rendered":"Romain Bechu, l&#8217;invit\u00e9 du Evian Golf Live"},"content":{"rendered":"<p>Romain Bechu, associ\u00e9 Wininone, \u00e9tait hier l\u2019invit\u00e9 du Evian Golf Live. Il r\u00e9pond aux questions de Sandrine Lendiburu et Christian Ledan.\ud83d\ude01<\/p>\n<p><iframe title=\"Evian Golf Live - Day 3 at The Amundi Evian Championship\" width=\"500\" height=\"281\" data-src=\"https:\/\/www.youtube.com\/embed\/5qORzNEx2sI?feature=oembed\" frameborder=\"0\" allow=\"accelerometer; autoplay; clipboard-write; encrypted-media; gyroscope; picture-in-picture; web-share\" referrerpolicy=\"strict-origin-when-cross-origin\" allowfullscreen src=\"data:image\/svg+xml;base64,PHN2ZyB3aWR0aD0iMSIgaGVpZ2h0PSIxIiB4bWxucz0iaHR0cDovL3d3dy53My5vcmcvMjAwMC9zdmciPjwvc3ZnPg==\" class=\"lazyload\" data-load-mode=\"1\"><\/iframe><\/p>\n","protected":false},"excerpt":{"rendered":"<p>Romain Bechu, associ\u00e9 Wininone, \u00e9tait hier l\u2019invit\u00e9 du Evian Golf Live. Il r\u00e9pond aux questions de Sandrine Lendiburu et Christian Ledan.\ud83d\ude01<\/p>\n","protected":false},"author":64,"featured_media":3350,"comment_status":"closed","ping_status":"closed","sticky":false,"template":"","format":"standard","meta":{"_acf_changed":false,"footnotes":""},"categories":[1],"tags":[],"class_list":["post-3349","post","type-post","status-publish","format-standard","has-post-thumbnail","hentry","category-non-classifiee"],"acf":[],"yoast_head":"<!-- This site is optimized with the Yoast SEO plugin v27.5 - https:\/\/yoast.com\/product\/yoast-seo-wordpress\/ -->\n<title>Romain Bechu, l&#039;invit\u00e9 du Evian Golf Live | Wininone<\/title>\n<meta name=\"robots\" content=\"index, follow, max-snippet:-1, max-image-preview:large, max-video-preview:-1\" \/>\n<link rel=\"canonical\" href=\"https:\/\/18.events\/pt-pt\/romain-bechu-linvite-du-evian-golf-live\/\" \/>\n<meta property=\"og:locale\" content=\"pt_PT\" \/>\n<meta property=\"og:type\" content=\"article\" \/>\n<meta property=\"og:title\" content=\"Romain Bechu, l&#039;invit\u00e9 du Evian Golf Live | Wininone\" \/>\n<meta property=\"og:description\" content=\"Romain Bechu, associ\u00e9 Wininone, \u00e9tait hier l\u2019invit\u00e9 du Evian Golf Live. Il r\u00e9pond aux questions de Sandrine Lendiburu et Christian Ledan.\ud83d\ude01\" \/>\n<meta property=\"og:url\" content=\"https:\/\/18.events\/pt-pt\/romain-bechu-linvite-du-evian-golf-live\/\" \/>\n<meta property=\"og:site_name\" content=\"Wininone\" \/>\n<meta property=\"article:published_time\" content=\"2021-07-26T08:06:58+00:00\" \/>\n<meta property=\"og:image\" content=\"https:\/\/18.events\/wp-content\/uploads\/2021\/07\/Capture-decran-2021-07-26-100618.png\" \/>\n\t<meta property=\"og:image:width\" content=\"637\" \/>\n\t<meta property=\"og:image:height\" content=\"352\" \/>\n\t<meta property=\"og:image:type\" content=\"image\/png\" \/>\n<meta name=\"author\" content=\"No\u00e9mie Hookipa-\" \/>\n<meta name=\"twitter:card\" content=\"summary_large_image\" \/>\n<meta name=\"twitter:label1\" content=\"Escrito por\" \/>\n\t<meta name=\"twitter:data1\" content=\"No\u00e9mie Hookipa-\" \/>\n<script type=\"application\/ld+json\" class=\"yoast-schema-graph\">{\"@context\":\"https:\\\/\\\/schema.org\",\"@graph\":[{\"@type\":\"Article\",\"@id\":\"https:\\\/\\\/18.events\\\/pt-pt\\\/romain-bechu-linvite-du-evian-golf-live\\\/#article\",\"isPartOf\":{\"@id\":\"https:\\\/\\\/18.events\\\/pt-pt\\\/romain-bechu-linvite-du-evian-golf-live\\\/\"},\"author\":{\"name\":\"No\u00e9mie Hookipa-\",\"@id\":\"https:\\\/\\\/18.events\\\/#\\\/schema\\\/person\\\/70fe8d1e0956cf728380a7ae5b9cc64e\"},\"headline\":\"Romain Bechu, l&#8217;invit\u00e9 du Evian Golf Live\",\"datePublished\":\"2021-07-26T08:06:58+00:00\",\"mainEntityOfPage\":{\"@id\":\"https:\\\/\\\/18.events\\\/pt-pt\\\/romain-bechu-linvite-du-evian-golf-live\\\/\"},\"wordCount\":40,\"publisher\":{\"@id\":\"https:\\\/\\\/18.events\\\/#organization\"},\"image\":{\"@id\":\"https:\\\/\\\/18.events\\\/pt-pt\\\/romain-bechu-linvite-du-evian-golf-live\\\/#primaryimage\"},\"thumbnailUrl\":\"https:\\\/\\\/18.events\\\/wp-content\\\/uploads\\\/2021\\\/07\\\/Capture-decran-2021-07-26-100618.png\",\"articleSection\":[\"Non classifi\u00e9(e)\"],\"inLanguage\":\"pt-PT\"},{\"@type\":\"WebPage\",\"@id\":\"https:\\\/\\\/18.events\\\/pt-pt\\\/romain-bechu-linvite-du-evian-golf-live\\\/\",\"url\":\"https:\\\/\\\/18.events\\\/pt-pt\\\/romain-bechu-linvite-du-evian-golf-live\\\/\",\"name\":\"Romain Bechu, l'invit\u00e9 du Evian Golf Live | Wininone\",\"isPartOf\":{\"@id\":\"https:\\\/\\\/18.events\\\/#website\"},\"primaryImageOfPage\":{\"@id\":\"https:\\\/\\\/18.events\\\/pt-pt\\\/romain-bechu-linvite-du-evian-golf-live\\\/#primaryimage\"},\"image\":{\"@id\":\"https:\\\/\\\/18.events\\\/pt-pt\\\/romain-bechu-linvite-du-evian-golf-live\\\/#primaryimage\"},\"thumbnailUrl\":\"https:\\\/\\\/18.events\\\/wp-content\\\/uploads\\\/2021\\\/07\\\/Capture-decran-2021-07-26-100618.png\",\"datePublished\":\"2021-07-26T08:06:58+00:00\",\"breadcrumb\":{\"@id\":\"https:\\\/\\\/18.events\\\/pt-pt\\\/romain-bechu-linvite-du-evian-golf-live\\\/#breadcrumb\"},\"inLanguage\":\"pt-PT\",\"potentialAction\":[{\"@type\":\"ReadAction\",\"target\":[\"https:\\\/\\\/18.events\\\/pt-pt\\\/romain-bechu-linvite-du-evian-golf-live\\\/\"]}]},{\"@type\":\"ImageObject\",\"inLanguage\":\"pt-PT\",\"@id\":\"https:\\\/\\\/18.events\\\/pt-pt\\\/romain-bechu-linvite-du-evian-golf-live\\\/#primaryimage\",\"url\":\"https:\\\/\\\/18.events\\\/wp-content\\\/uploads\\\/2021\\\/07\\\/Capture-decran-2021-07-26-100618.png\",\"contentUrl\":\"https:\\\/\\\/18.events\\\/wp-content\\\/uploads\\\/2021\\\/07\\\/Capture-decran-2021-07-26-100618.png\",\"width\":637,\"height\":352},{\"@type\":\"BreadcrumbList\",\"@id\":\"https:\\\/\\\/18.events\\\/pt-pt\\\/romain-bechu-linvite-du-evian-golf-live\\\/#breadcrumb\",\"itemListElement\":[{\"@type\":\"ListItem\",\"position\":1,\"name\":\"Accueil\",\"item\":\"https:\\\/\\\/18.events\\\/pt-pt\\\/\"},{\"@type\":\"ListItem\",\"position\":2,\"name\":\"Romain Bechu, l&#8217;invit\u00e9 du Evian Golf Live\"}]},{\"@type\":\"WebSite\",\"@id\":\"https:\\\/\\\/18.events\\\/#website\",\"url\":\"https:\\\/\\\/18.events\\\/\",\"name\":\"Wininone\",\"description\":\"Cr\u00e9ateur de challenges pour golfeurs\",\"publisher\":{\"@id\":\"https:\\\/\\\/18.events\\\/#organization\"},\"potentialAction\":[{\"@type\":\"SearchAction\",\"target\":{\"@type\":\"EntryPoint\",\"urlTemplate\":\"https:\\\/\\\/18.events\\\/?s={search_term_string}\"},\"query-input\":{\"@type\":\"PropertyValueSpecification\",\"valueRequired\":true,\"valueName\":\"search_term_string\"}}],\"inLanguage\":\"pt-PT\"},{\"@type\":\"Organization\",\"@id\":\"https:\\\/\\\/18.events\\\/#organization\",\"name\":\"18.events\",\"url\":\"https:\\\/\\\/18.events\\\/\",\"logo\":{\"@type\":\"ImageObject\",\"inLanguage\":\"pt-PT\",\"@id\":\"https:\\\/\\\/18.events\\\/#\\\/schema\\\/logo\\\/image\\\/\",\"url\":\"https:\\\/\\\/18.events\\\/wp-content\\\/uploads\\\/2021\\\/02\\\/logo.svg\",\"contentUrl\":\"https:\\\/\\\/18.events\\\/wp-content\\\/uploads\\\/2021\\\/02\\\/logo.svg\",\"width\":1,\"height\":1,\"caption\":\"18.events\"},\"image\":{\"@id\":\"https:\\\/\\\/18.events\\\/#\\\/schema\\\/logo\\\/image\\\/\"}},{\"@type\":\"Person\",\"@id\":\"https:\\\/\\\/18.events\\\/#\\\/schema\\\/person\\\/70fe8d1e0956cf728380a7ae5b9cc64e\",\"name\":\"No\u00e9mie Hookipa-\",\"url\":\"https:\\\/\\\/18.events\\\/pt-pt\\\/author\\\/noemie\\\/\"}]}<\/script>\n<!-- \/ Yoast SEO plugin. -->","yoast_head_json":{"title":"Romain Bechu, l'invit\u00e9 du Evian Golf Live | Wininone","robots":{"index":"index","follow":"follow","max-snippet":"max-snippet:-1","max-image-preview":"max-image-preview:large","max-video-preview":"max-video-preview:-1"},"canonical":"https:\/\/18.events\/pt-pt\/romain-bechu-linvite-du-evian-golf-live\/","og_locale":"pt_PT","og_type":"article","og_title":"Romain Bechu, l'invit\u00e9 du Evian Golf Live | Wininone","og_description":"Romain Bechu, associ\u00e9 Wininone, \u00e9tait hier l\u2019invit\u00e9 du Evian Golf Live. Il r\u00e9pond aux questions de Sandrine Lendiburu et Christian Ledan.\ud83d\ude01","og_url":"https:\/\/18.events\/pt-pt\/romain-bechu-linvite-du-evian-golf-live\/","og_site_name":"Wininone","article_published_time":"2021-07-26T08:06:58+00:00","og_image":[{"width":637,"height":352,"url":"https:\/\/18.events\/wp-content\/uploads\/2021\/07\/Capture-decran-2021-07-26-100618.png","type":"image\/png"}],"author":"No\u00e9mie Hookipa-","twitter_card":"summary_large_image","twitter_misc":{"Escrito por":"No\u00e9mie Hookipa-"},"schema":{"@context":"https:\/\/schema.org","@graph":[{"@type":"Article","@id":"https:\/\/18.events\/pt-pt\/romain-bechu-linvite-du-evian-golf-live\/#article","isPartOf":{"@id":"https:\/\/18.events\/pt-pt\/romain-bechu-linvite-du-evian-golf-live\/"},"author":{"name":"No\u00e9mie Hookipa-","@id":"https:\/\/18.events\/#\/schema\/person\/70fe8d1e0956cf728380a7ae5b9cc64e"},"headline":"Romain Bechu, l&#8217;invit\u00e9 du Evian Golf Live","datePublished":"2021-07-26T08:06:58+00:00","mainEntityOfPage":{"@id":"https:\/\/18.events\/pt-pt\/romain-bechu-linvite-du-evian-golf-live\/"},"wordCount":40,"publisher":{"@id":"https:\/\/18.events\/#organization"},"image":{"@id":"https:\/\/18.events\/pt-pt\/romain-bechu-linvite-du-evian-golf-live\/#primaryimage"},"thumbnailUrl":"https:\/\/18.events\/wp-content\/uploads\/2021\/07\/Capture-decran-2021-07-26-100618.png","articleSection":["Non classifi\u00e9(e)"],"inLanguage":"pt-PT"},{"@type":"WebPage","@id":"https:\/\/18.events\/pt-pt\/romain-bechu-linvite-du-evian-golf-live\/","url":"https:\/\/18.events\/pt-pt\/romain-bechu-linvite-du-evian-golf-live\/","name":"Romain Bechu, l'invit\u00e9 du Evian Golf Live | Wininone","isPartOf":{"@id":"https:\/\/18.events\/#website"},"primaryImageOfPage":{"@id":"https:\/\/18.events\/pt-pt\/romain-bechu-linvite-du-evian-golf-live\/#primaryimage"},"image":{"@id":"https:\/\/18.events\/pt-pt\/romain-bechu-linvite-du-evian-golf-live\/#primaryimage"},"thumbnailUrl":"https:\/\/18.events\/wp-content\/uploads\/2021\/07\/Capture-decran-2021-07-26-100618.png","datePublished":"2021-07-26T08:06:58+00:00","breadcrumb":{"@id":"https:\/\/18.events\/pt-pt\/romain-bechu-linvite-du-evian-golf-live\/#breadcrumb"},"inLanguage":"pt-PT","potentialAction":[{"@type":"ReadAction","target":["https:\/\/18.events\/pt-pt\/romain-bechu-linvite-du-evian-golf-live\/"]}]},{"@type":"ImageObject","inLanguage":"pt-PT","@id":"https:\/\/18.events\/pt-pt\/romain-bechu-linvite-du-evian-golf-live\/#primaryimage","url":"https:\/\/18.events\/wp-content\/uploads\/2021\/07\/Capture-decran-2021-07-26-100618.png","contentUrl":"https:\/\/18.events\/wp-content\/uploads\/2021\/07\/Capture-decran-2021-07-26-100618.png","width":637,"height":352},{"@type":"BreadcrumbList","@id":"https:\/\/18.events\/pt-pt\/romain-bechu-linvite-du-evian-golf-live\/#breadcrumb","itemListElement":[{"@type":"ListItem","position":1,"name":"Accueil","item":"https:\/\/18.events\/pt-pt\/"},{"@type":"ListItem","position":2,"name":"Romain Bechu, l&#8217;invit\u00e9 du Evian Golf Live"}]},{"@type":"WebSite","@id":"https:\/\/18.events\/#website","url":"https:\/\/18.events\/","name":"Wininone","description":"Cr\u00e9ateur de challenges pour golfeurs","publisher":{"@id":"https:\/\/18.events\/#organization"},"potentialAction":[{"@type":"SearchAction","target":{"@type":"EntryPoint","urlTemplate":"https:\/\/18.events\/?s={search_term_string}"},"query-input":{"@type":"PropertyValueSpecification","valueRequired":true,"valueName":"search_term_string"}}],"inLanguage":"pt-PT"},{"@type":"Organization","@id":"https:\/\/18.events\/#organization","name":"18.events","url":"https:\/\/18.events\/","logo":{"@type":"ImageObject","inLanguage":"pt-PT","@id":"https:\/\/18.events\/#\/schema\/logo\/image\/","url":"https:\/\/18.events\/wp-content\/uploads\/2021\/02\/logo.svg","contentUrl":"https:\/\/18.events\/wp-content\/uploads\/2021\/02\/logo.svg","width":1,"height":1,"caption":"18.events"},"image":{"@id":"https:\/\/18.events\/#\/schema\/logo\/image\/"}},{"@type":"Person","@id":"https:\/\/18.events\/#\/schema\/person\/70fe8d1e0956cf728380a7ae5b9cc64e","name":"No\u00e9mie Hookipa-","url":"https:\/\/18.events\/pt-pt\/author\/noemie\/"}]}},"fimg_url":"https:\/\/18.events\/wp-content\/uploads\/2021\/07\/Capture-decran-2021-07-26-100618.png","_links":{"self":[{"href":"https:\/\/18.events\/pt-pt\/wp-json\/wp\/v2\/posts\/3349","targetHints":{"allow":["GET"]}}],"collection":[{"href":"https:\/\/18.events\/pt-pt\/wp-json\/wp\/v2\/posts"}],"about":[{"href":"https:\/\/18.events\/pt-pt\/wp-json\/wp\/v2\/types\/post"}],"author":[{"embeddable":true,"href":"https:\/\/18.events\/pt-pt\/wp-json\/wp\/v2\/users\/64"}],"replies":[{"embeddable":true,"href":"https:\/\/18.events\/pt-pt\/wp-json\/wp\/v2\/comments?post=3349"}],"version-history":[{"count":0,"href":"https:\/\/18.events\/pt-pt\/wp-json\/wp\/v2\/posts\/3349\/revisions"}],"wp:featuredmedia":[{"embeddable":true,"href":"https:\/\/18.events\/pt-pt\/wp-json\/wp\/v2\/media\/3350"}],"wp:attachment":[{"href":"https:\/\/18.events\/pt-pt\/wp-json\/wp\/v2\/media?parent=3349"}],"wp:term":[{"taxonomy":"category","embeddable":true,"href":"https:\/\/18.events\/pt-pt\/wp-json\/wp\/v2\/categories?post=3349"},{"taxonomy":"post_tag","embeddable":true,"href":"https:\/\/18.events\/pt-pt\/wp-json\/wp\/v2\/tags?post=3349"}],"curies":[{"name":"wp","href":"https:\/\/api.w.org\/{rel}","templated":true}]}}