{"id":2076,"date":"2021-06-05T18:05:15","date_gmt":"2021-06-05T16:05:15","guid":{"rendered":"https:\/\/18.events\/?p=2076"},"modified":"2021-06-30T14:44:30","modified_gmt":"2021-06-30T12:44:30","slug":"clap-de-fin-pour-le-jabra-ladies-open","status":"publish","type":"post","link":"https:\/\/18.events\/pt-pt\/clap-de-fin-pour-le-jabra-ladies-open\/","title":{"rendered":"Clap de fin pour le Jabra Ladies Open"},"content":{"rendered":"<p>\ud83d\ude4f\ud83d\ude4cMerci \u00e0 Jabra et \u00e0 l&#8217;Evian Resort Golf Club pour nous avoir permis de collaborer sur ce magnifique Jabra Ladies Open\ud83d\udc4f\ud83d\udc4f Un immense Bravo Pia Babnik qui remporte l\u2019\u00e9preuve et bien s\u00fbr \u00e0 nos fran\u00e7aises ! Lucie Malchirand, Anne-Lise Caudal, Chlo\u00e9 Salort, Agathe Sauzon, Isabelle Boineau, Emie Peronnin, Emma Grechi, Agathe Laisn\u00e9, Manon Gidali Golf, Anais Meyssonnier, Camille Chevalier, Astrid Vayson De Pradenne ! Une semaine extraordinaire ! Malheureusement pas de trou en 1 sur le 5 #Wininone, mais le Pro-Am continue aujourd\u2019hui, la #RaceToHawaii est toujours en dotation, comme tous les jours de l\u2019ann\u00e9e !\ud83d\ude01 Rendez-vous en Juillet pour une dotation exceptionnelle pour les joueuses de The Amundi Evian Championship \ud83e\udd70<\/p>\n","protected":false},"excerpt":{"rendered":"<p>\ud83d\ude4f\ud83d\ude4cMerci \u00e0 Jabra et \u00e0 l&#8217;Evian Resort Golf Club pour nous avoir permis de collaborer sur ce magnifique Jabra Ladies Open\ud83d\udc4f\ud83d\udc4f Un immense Bravo Pia Babnik qui remporte l\u2019\u00e9preuve et bien s\u00fbr \u00e0 nos fran\u00e7aises ! Lucie Malchirand, Anne-Lise Caudal, Chlo\u00e9 Salort, Agathe Sauzon, Isabelle Boineau, Emie Peronnin, Emma Grechi, Agathe Laisn\u00e9, Manon Gidali Golf, [&hellip;]<\/p>\n","protected":false},"author":3,"featured_media":2149,"comment_status":"closed","ping_status":"closed","sticky":false,"template":"","format":"standard","meta":{"_acf_changed":false,"footnotes":""},"categories":[1],"tags":[],"class_list":["post-2076","post","type-post","status-publish","format-standard","has-post-thumbnail","hentry","category-non-classifiee"],"acf":[],"yoast_head":"<!-- This site is optimized with the Yoast SEO plugin v27.5 - https:\/\/yoast.com\/product\/yoast-seo-wordpress\/ -->\n<title>Clap de fin pour le Jabra Ladies Open | Wininone<\/title>\n<meta name=\"robots\" content=\"index, follow, max-snippet:-1, max-image-preview:large, max-video-preview:-1\" \/>\n<link rel=\"canonical\" href=\"https:\/\/18.events\/pt-pt\/clap-de-fin-pour-le-jabra-ladies-open\/\" \/>\n<meta property=\"og:locale\" content=\"pt_PT\" \/>\n<meta property=\"og:type\" content=\"article\" \/>\n<meta property=\"og:title\" content=\"Clap de fin pour le Jabra Ladies Open | Wininone\" \/>\n<meta property=\"og:description\" content=\"\ud83d\ude4f\ud83d\ude4cMerci \u00e0 Jabra et \u00e0 l&#8217;Evian Resort Golf Club pour nous avoir permis de collaborer sur ce magnifique Jabra Ladies Open\ud83d\udc4f\ud83d\udc4f Un immense Bravo Pia Babnik qui remporte l\u2019\u00e9preuve et bien s\u00fbr \u00e0 nos fran\u00e7aises ! Lucie Malchirand, Anne-Lise Caudal, Chlo\u00e9 Salort, Agathe Sauzon, Isabelle Boineau, Emie Peronnin, Emma Grechi, Agathe Laisn\u00e9, Manon Gidali Golf, [&hellip;]\" \/>\n<meta property=\"og:url\" content=\"https:\/\/18.events\/pt-pt\/clap-de-fin-pour-le-jabra-ladies-open\/\" \/>\n<meta property=\"og:site_name\" content=\"Wininone\" \/>\n<meta property=\"article:published_time\" content=\"2021-06-05T16:05:15+00:00\" \/>\n<meta property=\"article:modified_time\" content=\"2021-06-30T12:44:30+00:00\" \/>\n<meta property=\"og:image\" content=\"https:\/\/18.events\/wp-content\/uploads\/2021\/06\/wininone4-1.jpg\" \/>\n\t<meta property=\"og:image:width\" content=\"1536\" \/>\n\t<meta property=\"og:image:height\" content=\"988\" \/>\n\t<meta property=\"og:image:type\" content=\"image\/jpeg\" \/>\n<meta name=\"author\" content=\"Benoit Lemauf\" \/>\n<meta name=\"twitter:card\" content=\"summary_large_image\" \/>\n<meta name=\"twitter:label1\" content=\"Escrito por\" \/>\n\t<meta name=\"twitter:data1\" content=\"Benoit Lemauf\" \/>\n<script type=\"application\/ld+json\" class=\"yoast-schema-graph\">{\"@context\":\"https:\\\/\\\/schema.org\",\"@graph\":[{\"@type\":\"Article\",\"@id\":\"https:\\\/\\\/18.events\\\/pt-pt\\\/clap-de-fin-pour-le-jabra-ladies-open\\\/#article\",\"isPartOf\":{\"@id\":\"https:\\\/\\\/18.events\\\/pt-pt\\\/clap-de-fin-pour-le-jabra-ladies-open\\\/\"},\"author\":{\"name\":\"Benoit Lemauf\",\"@id\":\"https:\\\/\\\/18.events\\\/#\\\/schema\\\/person\\\/2cdce47e753b919f02a9fa6f0b5aed1a\"},\"headline\":\"Clap de fin pour le Jabra Ladies Open\",\"datePublished\":\"2021-06-05T16:05:15+00:00\",\"dateModified\":\"2021-06-30T12:44:30+00:00\",\"mainEntityOfPage\":{\"@id\":\"https:\\\/\\\/18.events\\\/pt-pt\\\/clap-de-fin-pour-le-jabra-ladies-open\\\/\"},\"wordCount\":122,\"publisher\":{\"@id\":\"https:\\\/\\\/18.events\\\/#organization\"},\"image\":{\"@id\":\"https:\\\/\\\/18.events\\\/pt-pt\\\/clap-de-fin-pour-le-jabra-ladies-open\\\/#primaryimage\"},\"thumbnailUrl\":\"https:\\\/\\\/18.events\\\/wp-content\\\/uploads\\\/2021\\\/06\\\/wininone4-1.jpg\",\"articleSection\":[\"Non classifi\u00e9(e)\"],\"inLanguage\":\"pt-PT\"},{\"@type\":\"WebPage\",\"@id\":\"https:\\\/\\\/18.events\\\/pt-pt\\\/clap-de-fin-pour-le-jabra-ladies-open\\\/\",\"url\":\"https:\\\/\\\/18.events\\\/pt-pt\\\/clap-de-fin-pour-le-jabra-ladies-open\\\/\",\"name\":\"Clap de fin pour le Jabra Ladies Open | Wininone\",\"isPartOf\":{\"@id\":\"https:\\\/\\\/18.events\\\/#website\"},\"primaryImageOfPage\":{\"@id\":\"https:\\\/\\\/18.events\\\/pt-pt\\\/clap-de-fin-pour-le-jabra-ladies-open\\\/#primaryimage\"},\"image\":{\"@id\":\"https:\\\/\\\/18.events\\\/pt-pt\\\/clap-de-fin-pour-le-jabra-ladies-open\\\/#primaryimage\"},\"thumbnailUrl\":\"https:\\\/\\\/18.events\\\/wp-content\\\/uploads\\\/2021\\\/06\\\/wininone4-1.jpg\",\"datePublished\":\"2021-06-05T16:05:15+00:00\",\"dateModified\":\"2021-06-30T12:44:30+00:00\",\"breadcrumb\":{\"@id\":\"https:\\\/\\\/18.events\\\/pt-pt\\\/clap-de-fin-pour-le-jabra-ladies-open\\\/#breadcrumb\"},\"inLanguage\":\"pt-PT\",\"potentialAction\":[{\"@type\":\"ReadAction\",\"target\":[\"https:\\\/\\\/18.events\\\/pt-pt\\\/clap-de-fin-pour-le-jabra-ladies-open\\\/\"]}]},{\"@type\":\"ImageObject\",\"inLanguage\":\"pt-PT\",\"@id\":\"https:\\\/\\\/18.events\\\/pt-pt\\\/clap-de-fin-pour-le-jabra-ladies-open\\\/#primaryimage\",\"url\":\"https:\\\/\\\/18.events\\\/wp-content\\\/uploads\\\/2021\\\/06\\\/wininone4-1.jpg\",\"contentUrl\":\"https:\\\/\\\/18.events\\\/wp-content\\\/uploads\\\/2021\\\/06\\\/wininone4-1.jpg\",\"width\":1536,\"height\":988},{\"@type\":\"BreadcrumbList\",\"@id\":\"https:\\\/\\\/18.events\\\/pt-pt\\\/clap-de-fin-pour-le-jabra-ladies-open\\\/#breadcrumb\",\"itemListElement\":[{\"@type\":\"ListItem\",\"position\":1,\"name\":\"Accueil\",\"item\":\"https:\\\/\\\/18.events\\\/pt-pt\\\/\"},{\"@type\":\"ListItem\",\"position\":2,\"name\":\"Clap de fin pour le Jabra Ladies Open\"}]},{\"@type\":\"WebSite\",\"@id\":\"https:\\\/\\\/18.events\\\/#website\",\"url\":\"https:\\\/\\\/18.events\\\/\",\"name\":\"Wininone\",\"description\":\"Cr\u00e9ateur de challenges pour golfeurs\",\"publisher\":{\"@id\":\"https:\\\/\\\/18.events\\\/#organization\"},\"potentialAction\":[{\"@type\":\"SearchAction\",\"target\":{\"@type\":\"EntryPoint\",\"urlTemplate\":\"https:\\\/\\\/18.events\\\/?s={search_term_string}\"},\"query-input\":{\"@type\":\"PropertyValueSpecification\",\"valueRequired\":true,\"valueName\":\"search_term_string\"}}],\"inLanguage\":\"pt-PT\"},{\"@type\":\"Organization\",\"@id\":\"https:\\\/\\\/18.events\\\/#organization\",\"name\":\"18.events\",\"url\":\"https:\\\/\\\/18.events\\\/\",\"logo\":{\"@type\":\"ImageObject\",\"inLanguage\":\"pt-PT\",\"@id\":\"https:\\\/\\\/18.events\\\/#\\\/schema\\\/logo\\\/image\\\/\",\"url\":\"https:\\\/\\\/18.events\\\/wp-content\\\/uploads\\\/2021\\\/02\\\/logo.svg\",\"contentUrl\":\"https:\\\/\\\/18.events\\\/wp-content\\\/uploads\\\/2021\\\/02\\\/logo.svg\",\"width\":1,\"height\":1,\"caption\":\"18.events\"},\"image\":{\"@id\":\"https:\\\/\\\/18.events\\\/#\\\/schema\\\/logo\\\/image\\\/\"}},{\"@type\":\"Person\",\"@id\":\"https:\\\/\\\/18.events\\\/#\\\/schema\\\/person\\\/2cdce47e753b919f02a9fa6f0b5aed1a\",\"name\":\"Benoit Lemauf\",\"url\":\"https:\\\/\\\/18.events\\\/pt-pt\\\/author\\\/benoit\\\/\"}]}<\/script>\n<!-- \/ Yoast SEO plugin. -->","yoast_head_json":{"title":"Clap de fin pour le Jabra Ladies Open | Wininone","robots":{"index":"index","follow":"follow","max-snippet":"max-snippet:-1","max-image-preview":"max-image-preview:large","max-video-preview":"max-video-preview:-1"},"canonical":"https:\/\/18.events\/pt-pt\/clap-de-fin-pour-le-jabra-ladies-open\/","og_locale":"pt_PT","og_type":"article","og_title":"Clap de fin pour le Jabra Ladies Open | Wininone","og_description":"\ud83d\ude4f\ud83d\ude4cMerci \u00e0 Jabra et \u00e0 l&#8217;Evian Resort Golf Club pour nous avoir permis de collaborer sur ce magnifique Jabra Ladies Open\ud83d\udc4f\ud83d\udc4f Un immense Bravo Pia Babnik qui remporte l\u2019\u00e9preuve et bien s\u00fbr \u00e0 nos fran\u00e7aises ! Lucie Malchirand, Anne-Lise Caudal, Chlo\u00e9 Salort, Agathe Sauzon, Isabelle Boineau, Emie Peronnin, Emma Grechi, Agathe Laisn\u00e9, Manon Gidali Golf, [&hellip;]","og_url":"https:\/\/18.events\/pt-pt\/clap-de-fin-pour-le-jabra-ladies-open\/","og_site_name":"Wininone","article_published_time":"2021-06-05T16:05:15+00:00","article_modified_time":"2021-06-30T12:44:30+00:00","og_image":[{"width":1536,"height":988,"url":"https:\/\/18.events\/wp-content\/uploads\/2021\/06\/wininone4-1.jpg","type":"image\/jpeg"}],"author":"Benoit Lemauf","twitter_card":"summary_large_image","twitter_misc":{"Escrito por":"Benoit Lemauf"},"schema":{"@context":"https:\/\/schema.org","@graph":[{"@type":"Article","@id":"https:\/\/18.events\/pt-pt\/clap-de-fin-pour-le-jabra-ladies-open\/#article","isPartOf":{"@id":"https:\/\/18.events\/pt-pt\/clap-de-fin-pour-le-jabra-ladies-open\/"},"author":{"name":"Benoit Lemauf","@id":"https:\/\/18.events\/#\/schema\/person\/2cdce47e753b919f02a9fa6f0b5aed1a"},"headline":"Clap de fin pour le Jabra Ladies Open","datePublished":"2021-06-05T16:05:15+00:00","dateModified":"2021-06-30T12:44:30+00:00","mainEntityOfPage":{"@id":"https:\/\/18.events\/pt-pt\/clap-de-fin-pour-le-jabra-ladies-open\/"},"wordCount":122,"publisher":{"@id":"https:\/\/18.events\/#organization"},"image":{"@id":"https:\/\/18.events\/pt-pt\/clap-de-fin-pour-le-jabra-ladies-open\/#primaryimage"},"thumbnailUrl":"https:\/\/18.events\/wp-content\/uploads\/2021\/06\/wininone4-1.jpg","articleSection":["Non classifi\u00e9(e)"],"inLanguage":"pt-PT"},{"@type":"WebPage","@id":"https:\/\/18.events\/pt-pt\/clap-de-fin-pour-le-jabra-ladies-open\/","url":"https:\/\/18.events\/pt-pt\/clap-de-fin-pour-le-jabra-ladies-open\/","name":"Clap de fin pour le Jabra Ladies Open | Wininone","isPartOf":{"@id":"https:\/\/18.events\/#website"},"primaryImageOfPage":{"@id":"https:\/\/18.events\/pt-pt\/clap-de-fin-pour-le-jabra-ladies-open\/#primaryimage"},"image":{"@id":"https:\/\/18.events\/pt-pt\/clap-de-fin-pour-le-jabra-ladies-open\/#primaryimage"},"thumbnailUrl":"https:\/\/18.events\/wp-content\/uploads\/2021\/06\/wininone4-1.jpg","datePublished":"2021-06-05T16:05:15+00:00","dateModified":"2021-06-30T12:44:30+00:00","breadcrumb":{"@id":"https:\/\/18.events\/pt-pt\/clap-de-fin-pour-le-jabra-ladies-open\/#breadcrumb"},"inLanguage":"pt-PT","potentialAction":[{"@type":"ReadAction","target":["https:\/\/18.events\/pt-pt\/clap-de-fin-pour-le-jabra-ladies-open\/"]}]},{"@type":"ImageObject","inLanguage":"pt-PT","@id":"https:\/\/18.events\/pt-pt\/clap-de-fin-pour-le-jabra-ladies-open\/#primaryimage","url":"https:\/\/18.events\/wp-content\/uploads\/2021\/06\/wininone4-1.jpg","contentUrl":"https:\/\/18.events\/wp-content\/uploads\/2021\/06\/wininone4-1.jpg","width":1536,"height":988},{"@type":"BreadcrumbList","@id":"https:\/\/18.events\/pt-pt\/clap-de-fin-pour-le-jabra-ladies-open\/#breadcrumb","itemListElement":[{"@type":"ListItem","position":1,"name":"Accueil","item":"https:\/\/18.events\/pt-pt\/"},{"@type":"ListItem","position":2,"name":"Clap de fin pour le Jabra Ladies Open"}]},{"@type":"WebSite","@id":"https:\/\/18.events\/#website","url":"https:\/\/18.events\/","name":"Wininone","description":"Cr\u00e9ateur de challenges pour golfeurs","publisher":{"@id":"https:\/\/18.events\/#organization"},"potentialAction":[{"@type":"SearchAction","target":{"@type":"EntryPoint","urlTemplate":"https:\/\/18.events\/?s={search_term_string}"},"query-input":{"@type":"PropertyValueSpecification","valueRequired":true,"valueName":"search_term_string"}}],"inLanguage":"pt-PT"},{"@type":"Organization","@id":"https:\/\/18.events\/#organization","name":"18.events","url":"https:\/\/18.events\/","logo":{"@type":"ImageObject","inLanguage":"pt-PT","@id":"https:\/\/18.events\/#\/schema\/logo\/image\/","url":"https:\/\/18.events\/wp-content\/uploads\/2021\/02\/logo.svg","contentUrl":"https:\/\/18.events\/wp-content\/uploads\/2021\/02\/logo.svg","width":1,"height":1,"caption":"18.events"},"image":{"@id":"https:\/\/18.events\/#\/schema\/logo\/image\/"}},{"@type":"Person","@id":"https:\/\/18.events\/#\/schema\/person\/2cdce47e753b919f02a9fa6f0b5aed1a","name":"Benoit Lemauf","url":"https:\/\/18.events\/pt-pt\/author\/benoit\/"}]}},"fimg_url":"https:\/\/18.events\/wp-content\/uploads\/2021\/06\/wininone4-1.jpg","_links":{"self":[{"href":"https:\/\/18.events\/pt-pt\/wp-json\/wp\/v2\/posts\/2076","targetHints":{"allow":["GET"]}}],"collection":[{"href":"https:\/\/18.events\/pt-pt\/wp-json\/wp\/v2\/posts"}],"about":[{"href":"https:\/\/18.events\/pt-pt\/wp-json\/wp\/v2\/types\/post"}],"author":[{"embeddable":true,"href":"https:\/\/18.events\/pt-pt\/wp-json\/wp\/v2\/users\/3"}],"replies":[{"embeddable":true,"href":"https:\/\/18.events\/pt-pt\/wp-json\/wp\/v2\/comments?post=2076"}],"version-history":[{"count":0,"href":"https:\/\/18.events\/pt-pt\/wp-json\/wp\/v2\/posts\/2076\/revisions"}],"wp:featuredmedia":[{"embeddable":true,"href":"https:\/\/18.events\/pt-pt\/wp-json\/wp\/v2\/media\/2149"}],"wp:attachment":[{"href":"https:\/\/18.events\/pt-pt\/wp-json\/wp\/v2\/media?parent=2076"}],"wp:term":[{"taxonomy":"category","embeddable":true,"href":"https:\/\/18.events\/pt-pt\/wp-json\/wp\/v2\/categories?post=2076"},{"taxonomy":"post_tag","embeddable":true,"href":"https:\/\/18.events\/pt-pt\/wp-json\/wp\/v2\/tags?post=2076"}],"curies":[{"name":"wp","href":"https:\/\/api.w.org\/{rel}","templated":true}]}}